{"id":3767,"date":"2017-07-10T22:00:00","date_gmt":"2017-07-10T20:00:00","guid":{"rendered":"https:\/\/www.hoche-avocats.com\/?p=3767"},"modified":"2020-03-26T09:05:22","modified_gmt":"2020-03-26T08:05:22","slug":"hoche-societe-davocats-hold-a-meeting-on-the-gdpr-paris-11-july-2017","status":"publish","type":"post","link":"https:\/\/www.hoche-avocats.com\/en\/hoche-societe-davocats-hold-a-meeting-on-the-gdpr-paris-11-july-2017\/","title":{"rendered":"Hoche Soci\u00e9t\u00e9 d&#8217;Avocats hold a meeting on the GDPR &#8211; Paris , 11 July 2017"},"content":{"rendered":"<div>Hosted by<span style=\"font-weight: bolder;\">&nbsp;Patrick Amouzou<\/span>, Partner, &nbsp;and <strong>Maud Lambert<\/strong> (counsel), &nbsp;<span style=\"font-weight: bolder;\">Hoche Soci\u00e9t\u00e9 d\u2019Avocats<\/span>&nbsp;law firm&nbsp;&nbsp;(IP-IT deparment ).\n<\/div>\n<\/p>\n<p><span style=\"font-weight: bolder;\">GDPR, \u00abgeneral data protection regulation\u00bb<\/span><span style=\"font-weight: bolder;\">&nbsp;<\/span>\n<\/p>\n<div>\n<div>\n\t<\/div>\n<\/div>\n<div><span style=\"font-weight: bolder;\">R\u00e8glement g\u00e9n\u00e9ral sur la protection des donn\u00e9es (RGPD)&nbsp;<\/span>\n<\/div>\n<div><a href=\"http:\/\/eur-lex.europa.eu\/legal-content\/EN\/TXT\/?uri=CELEX:32016R0679\" title=\"\">Regulation (EU) 2016\/679 of the European Parliament and of the Council of 27 April 2016 on the protection of natural persons with regard to the processing of personal data and on the free movement of such data, and repealing Directive 95\/46\/EC (General Data Protection Regulation) (Text with EEA relevance) <\/a>(OJ L119\/1 &nbsp;&#8211; 4 &nbsp;May 2016)<br \/>\n\t\n<\/div>\n<div>\n\t\n<\/div>\n<div><img loading=\"lazy\" decoding=\"async\" src=\"https:\/\/www.hoche-avocats.com\/images\/GPDR-RGPD.PNG\" width=\"337\" height=\"171\" alt=\"\" \/><br \/>\n\t\n<\/div>\n","protected":false},"excerpt":{"rendered":"<p>Hosted by&nbsp;Patrick Amouzou, Partner, &nbsp;and Maud Lambert (counsel), &nbsp;Hoche Soci\u00e9t\u00e9 d\u2019Avocats&nbsp;law firm&nbsp;&nbsp;(IP-IT deparment ). GDPR, \u00abgeneral data protection regulation\u00bb&nbsp; R\u00e8glement g\u00e9n\u00e9ral sur la protection des donn\u00e9es (RGPD)&nbsp; Regulation (EU) 2016\/679 of the European Parliament and of the Council of 27 April 2016 on the protection of natural persons with regard to the processing of personal [&hellip;]<\/p>\n","protected":false},"author":1,"featured_media":0,"comment_status":"closed","ping_status":"closed","sticky":false,"template":"","format":"standard","meta":{"_acf_changed":false,"footnotes":""},"categories":[23],"tags":[],"class_list":["post-3767","post","type-post","status-publish","format-standard","hentry","category-evenements"],"acf":[],"yoast_head":"<!-- This site is optimized with the Yoast SEO plugin v26.4 - https:\/\/yoast.com\/wordpress\/plugins\/seo\/ -->\n<title>Hoche Soci\u00e9t\u00e9 d&#039;Avocats hold a meeting on the GDPR - Paris , 11 July 2017 - Hoche Avocats<\/title>\n<meta name=\"robots\" content=\"index, follow, max-snippet:-1, max-image-preview:large, max-video-preview:-1\" \/>\n<link rel=\"canonical\" href=\"https:\/\/www.hoche-avocats.com\/en\/hoche-societe-davocats-hold-a-meeting-on-the-gdpr-paris-11-july-2017\/\" \/>\n<meta property=\"og:locale\" content=\"en_US\" \/>\n<meta property=\"og:type\" content=\"article\" \/>\n<meta property=\"og:title\" content=\"Hoche Soci\u00e9t\u00e9 d&#039;Avocats hold a meeting on the GDPR - Paris , 11 July 2017 - Hoche Avocats\" \/>\n<meta property=\"og:description\" content=\"Hosted by&nbsp;Patrick Amouzou, Partner, &nbsp;and Maud Lambert (counsel), &nbsp;Hoche Soci\u00e9t\u00e9 d\u2019Avocats&nbsp;law firm&nbsp;&nbsp;(IP-IT deparment ). GDPR, \u00abgeneral data protection regulation\u00bb&nbsp; R\u00e8glement g\u00e9n\u00e9ral sur la protection des donn\u00e9es (RGPD)&nbsp; Regulation (EU) 2016\/679 of the European Parliament and of the Council of 27 April 2016 on the protection of natural persons with regard to the processing of personal [&hellip;]\" \/>\n<meta property=\"og:url\" content=\"https:\/\/www.hoche-avocats.com\/en\/hoche-societe-davocats-hold-a-meeting-on-the-gdpr-paris-11-july-2017\/\" \/>\n<meta property=\"og:site_name\" content=\"Hoche Avocats\" \/>\n<meta property=\"article:published_time\" content=\"2017-07-10T20:00:00+00:00\" \/>\n<meta property=\"article:modified_time\" content=\"2020-03-26T08:05:22+00:00\" \/>\n<meta property=\"og:image\" content=\"https:\/\/www.hoche-avocats.com\/images\/GPDR-RGPD.PNG\" \/>\n<meta name=\"author\" content=\"hchvctsadmn\" \/>\n<meta name=\"twitter:card\" content=\"summary_large_image\" \/>\n<meta name=\"twitter:label1\" content=\"Written by\" \/>\n\t<meta name=\"twitter:data1\" content=\"hchvctsadmn\" \/>\n<script type=\"application\/ld+json\" class=\"yoast-schema-graph\">{\"@context\":\"https:\/\/schema.org\",\"@graph\":[{\"@type\":\"Article\",\"@id\":\"https:\/\/www.hoche-avocats.com\/en\/hoche-societe-davocats-hold-a-meeting-on-the-gdpr-paris-11-july-2017\/#article\",\"isPartOf\":{\"@id\":\"https:\/\/www.hoche-avocats.com\/en\/hoche-societe-davocats-hold-a-meeting-on-the-gdpr-paris-11-july-2017\/\"},\"author\":{\"name\":\"hchvctsadmn\",\"@id\":\"https:\/\/www.hoche-avocats.com\/en\/#\/schema\/person\/2e10ad69336398e973e3010c3a2f8e57\"},\"headline\":\"Hoche Soci\u00e9t\u00e9 d&#8217;Avocats hold a meeting on the GDPR &#8211; Paris , 11 July 2017\",\"datePublished\":\"2017-07-10T20:00:00+00:00\",\"dateModified\":\"2020-03-26T08:05:22+00:00\",\"mainEntityOfPage\":{\"@id\":\"https:\/\/www.hoche-avocats.com\/en\/hoche-societe-davocats-hold-a-meeting-on-the-gdpr-paris-11-july-2017\/\"},\"wordCount\":108,\"publisher\":{\"@id\":\"https:\/\/www.hoche-avocats.com\/en\/#organization\"},\"image\":{\"@id\":\"https:\/\/www.hoche-avocats.com\/en\/hoche-societe-davocats-hold-a-meeting-on-the-gdpr-paris-11-july-2017\/#primaryimage\"},\"thumbnailUrl\":\"https:\/\/www.hoche-avocats.com\/images\/GPDR-RGPD.PNG\",\"articleSection\":[\"\u00c9v\u00e8nements\"],\"inLanguage\":\"en-US\"},{\"@type\":\"WebPage\",\"@id\":\"https:\/\/www.hoche-avocats.com\/en\/hoche-societe-davocats-hold-a-meeting-on-the-gdpr-paris-11-july-2017\/\",\"url\":\"https:\/\/www.hoche-avocats.com\/en\/hoche-societe-davocats-hold-a-meeting-on-the-gdpr-paris-11-july-2017\/\",\"name\":\"Hoche Soci\u00e9t\u00e9 d'Avocats hold a meeting on the GDPR - Paris , 11 July 2017 - Hoche Avocats\",\"isPartOf\":{\"@id\":\"https:\/\/www.hoche-avocats.com\/en\/#website\"},\"primaryImageOfPage\":{\"@id\":\"https:\/\/www.hoche-avocats.com\/en\/hoche-societe-davocats-hold-a-meeting-on-the-gdpr-paris-11-july-2017\/#primaryimage\"},\"image\":{\"@id\":\"https:\/\/www.hoche-avocats.com\/en\/hoche-societe-davocats-hold-a-meeting-on-the-gdpr-paris-11-july-2017\/#primaryimage\"},\"thumbnailUrl\":\"https:\/\/www.hoche-avocats.com\/images\/GPDR-RGPD.PNG\",\"datePublished\":\"2017-07-10T20:00:00+00:00\",\"dateModified\":\"2020-03-26T08:05:22+00:00\",\"breadcrumb\":{\"@id\":\"https:\/\/www.hoche-avocats.com\/en\/hoche-societe-davocats-hold-a-meeting-on-the-gdpr-paris-11-july-2017\/#breadcrumb\"},\"inLanguage\":\"en-US\",\"potentialAction\":[{\"@type\":\"ReadAction\",\"target\":[\"https:\/\/www.hoche-avocats.com\/en\/hoche-societe-davocats-hold-a-meeting-on-the-gdpr-paris-11-july-2017\/\"]}]},{\"@type\":\"ImageObject\",\"inLanguage\":\"en-US\",\"@id\":\"https:\/\/www.hoche-avocats.com\/en\/hoche-societe-davocats-hold-a-meeting-on-the-gdpr-paris-11-july-2017\/#primaryimage\",\"url\":\"https:\/\/www.hoche-avocats.com\/images\/GPDR-RGPD.PNG\",\"contentUrl\":\"https:\/\/www.hoche-avocats.com\/images\/GPDR-RGPD.PNG\"},{\"@type\":\"BreadcrumbList\",\"@id\":\"https:\/\/www.hoche-avocats.com\/en\/hoche-societe-davocats-hold-a-meeting-on-the-gdpr-paris-11-july-2017\/#breadcrumb\",\"itemListElement\":[{\"@type\":\"ListItem\",\"position\":1,\"name\":\"Accueil\",\"item\":\"https:\/\/www.hoche-avocats.com\/en\/\"},{\"@type\":\"ListItem\",\"position\":2,\"name\":\"Hoche Soci\u00e9t\u00e9 d&#8217;Avocats hold a meeting on the GDPR &#8211; Paris , 11 July 2017\"}]},{\"@type\":\"WebSite\",\"@id\":\"https:\/\/www.hoche-avocats.com\/en\/#website\",\"url\":\"https:\/\/www.hoche-avocats.com\/en\/\",\"name\":\"Hoche Avocats\",\"description\":\"\",\"publisher\":{\"@id\":\"https:\/\/www.hoche-avocats.com\/en\/#organization\"},\"potentialAction\":[{\"@type\":\"SearchAction\",\"target\":{\"@type\":\"EntryPoint\",\"urlTemplate\":\"https:\/\/www.hoche-avocats.com\/en\/?s={search_term_string}\"},\"query-input\":{\"@type\":\"PropertyValueSpecification\",\"valueRequired\":true,\"valueName\":\"search_term_string\"}}],\"inLanguage\":\"en-US\"},{\"@type\":\"Organization\",\"@id\":\"https:\/\/www.hoche-avocats.com\/en\/#organization\",\"name\":\"Hoche Avocats\",\"url\":\"https:\/\/www.hoche-avocats.com\/en\/\",\"logo\":{\"@type\":\"ImageObject\",\"inLanguage\":\"en-US\",\"@id\":\"https:\/\/www.hoche-avocats.com\/en\/#\/schema\/logo\/image\/\",\"url\":\"https:\/\/www.hoche-avocats.com\/wp-content\/uploads\/2019\/03\/hocheavocats-logo.svg\",\"contentUrl\":\"https:\/\/www.hoche-avocats.com\/wp-content\/uploads\/2019\/03\/hocheavocats-logo.svg\",\"caption\":\"Hoche Avocats\"},\"image\":{\"@id\":\"https:\/\/www.hoche-avocats.com\/en\/#\/schema\/logo\/image\/\"}},{\"@type\":\"Person\",\"@id\":\"https:\/\/www.hoche-avocats.com\/en\/#\/schema\/person\/2e10ad69336398e973e3010c3a2f8e57\",\"name\":\"hchvctsadmn\",\"url\":\"https:\/\/www.hoche-avocats.com\/en\/author\/hchvctsadmn\/\"}]}<\/script>\n<!-- \/ Yoast SEO plugin. -->","yoast_head_json":{"title":"Hoche Soci\u00e9t\u00e9 d'Avocats hold a meeting on the GDPR - Paris , 11 July 2017 - Hoche Avocats","robots":{"index":"index","follow":"follow","max-snippet":"max-snippet:-1","max-image-preview":"max-image-preview:large","max-video-preview":"max-video-preview:-1"},"canonical":"https:\/\/www.hoche-avocats.com\/en\/hoche-societe-davocats-hold-a-meeting-on-the-gdpr-paris-11-july-2017\/","og_locale":"en_US","og_type":"article","og_title":"Hoche Soci\u00e9t\u00e9 d'Avocats hold a meeting on the GDPR - Paris , 11 July 2017 - Hoche Avocats","og_description":"Hosted by&nbsp;Patrick Amouzou, Partner, &nbsp;and Maud Lambert (counsel), &nbsp;Hoche Soci\u00e9t\u00e9 d\u2019Avocats&nbsp;law firm&nbsp;&nbsp;(IP-IT deparment ). GDPR, \u00abgeneral data protection regulation\u00bb&nbsp; R\u00e8glement g\u00e9n\u00e9ral sur la protection des donn\u00e9es (RGPD)&nbsp; Regulation (EU) 2016\/679 of the European Parliament and of the Council of 27 April 2016 on the protection of natural persons with regard to the processing of personal [&hellip;]","og_url":"https:\/\/www.hoche-avocats.com\/en\/hoche-societe-davocats-hold-a-meeting-on-the-gdpr-paris-11-july-2017\/","og_site_name":"Hoche Avocats","article_published_time":"2017-07-10T20:00:00+00:00","article_modified_time":"2020-03-26T08:05:22+00:00","og_image":[{"url":"https:\/\/www.hoche-avocats.com\/images\/GPDR-RGPD.PNG","type":"","width":"","height":""}],"author":"hchvctsadmn","twitter_card":"summary_large_image","twitter_misc":{"Written by":"hchvctsadmn"},"schema":{"@context":"https:\/\/schema.org","@graph":[{"@type":"Article","@id":"https:\/\/www.hoche-avocats.com\/en\/hoche-societe-davocats-hold-a-meeting-on-the-gdpr-paris-11-july-2017\/#article","isPartOf":{"@id":"https:\/\/www.hoche-avocats.com\/en\/hoche-societe-davocats-hold-a-meeting-on-the-gdpr-paris-11-july-2017\/"},"author":{"name":"hchvctsadmn","@id":"https:\/\/www.hoche-avocats.com\/en\/#\/schema\/person\/2e10ad69336398e973e3010c3a2f8e57"},"headline":"Hoche Soci\u00e9t\u00e9 d&#8217;Avocats hold a meeting on the GDPR &#8211; Paris , 11 July 2017","datePublished":"2017-07-10T20:00:00+00:00","dateModified":"2020-03-26T08:05:22+00:00","mainEntityOfPage":{"@id":"https:\/\/www.hoche-avocats.com\/en\/hoche-societe-davocats-hold-a-meeting-on-the-gdpr-paris-11-july-2017\/"},"wordCount":108,"publisher":{"@id":"https:\/\/www.hoche-avocats.com\/en\/#organization"},"image":{"@id":"https:\/\/www.hoche-avocats.com\/en\/hoche-societe-davocats-hold-a-meeting-on-the-gdpr-paris-11-july-2017\/#primaryimage"},"thumbnailUrl":"https:\/\/www.hoche-avocats.com\/images\/GPDR-RGPD.PNG","articleSection":["\u00c9v\u00e8nements"],"inLanguage":"en-US"},{"@type":"WebPage","@id":"https:\/\/www.hoche-avocats.com\/en\/hoche-societe-davocats-hold-a-meeting-on-the-gdpr-paris-11-july-2017\/","url":"https:\/\/www.hoche-avocats.com\/en\/hoche-societe-davocats-hold-a-meeting-on-the-gdpr-paris-11-july-2017\/","name":"Hoche Soci\u00e9t\u00e9 d'Avocats hold a meeting on the GDPR - Paris , 11 July 2017 - Hoche Avocats","isPartOf":{"@id":"https:\/\/www.hoche-avocats.com\/en\/#website"},"primaryImageOfPage":{"@id":"https:\/\/www.hoche-avocats.com\/en\/hoche-societe-davocats-hold-a-meeting-on-the-gdpr-paris-11-july-2017\/#primaryimage"},"image":{"@id":"https:\/\/www.hoche-avocats.com\/en\/hoche-societe-davocats-hold-a-meeting-on-the-gdpr-paris-11-july-2017\/#primaryimage"},"thumbnailUrl":"https:\/\/www.hoche-avocats.com\/images\/GPDR-RGPD.PNG","datePublished":"2017-07-10T20:00:00+00:00","dateModified":"2020-03-26T08:05:22+00:00","breadcrumb":{"@id":"https:\/\/www.hoche-avocats.com\/en\/hoche-societe-davocats-hold-a-meeting-on-the-gdpr-paris-11-july-2017\/#breadcrumb"},"inLanguage":"en-US","potentialAction":[{"@type":"ReadAction","target":["https:\/\/www.hoche-avocats.com\/en\/hoche-societe-davocats-hold-a-meeting-on-the-gdpr-paris-11-july-2017\/"]}]},{"@type":"ImageObject","inLanguage":"en-US","@id":"https:\/\/www.hoche-avocats.com\/en\/hoche-societe-davocats-hold-a-meeting-on-the-gdpr-paris-11-july-2017\/#primaryimage","url":"https:\/\/www.hoche-avocats.com\/images\/GPDR-RGPD.PNG","contentUrl":"https:\/\/www.hoche-avocats.com\/images\/GPDR-RGPD.PNG"},{"@type":"BreadcrumbList","@id":"https:\/\/www.hoche-avocats.com\/en\/hoche-societe-davocats-hold-a-meeting-on-the-gdpr-paris-11-july-2017\/#breadcrumb","itemListElement":[{"@type":"ListItem","position":1,"name":"Accueil","item":"https:\/\/www.hoche-avocats.com\/en\/"},{"@type":"ListItem","position":2,"name":"Hoche Soci\u00e9t\u00e9 d&#8217;Avocats hold a meeting on the GDPR &#8211; Paris , 11 July 2017"}]},{"@type":"WebSite","@id":"https:\/\/www.hoche-avocats.com\/en\/#website","url":"https:\/\/www.hoche-avocats.com\/en\/","name":"Hoche Avocats","description":"","publisher":{"@id":"https:\/\/www.hoche-avocats.com\/en\/#organization"},"potentialAction":[{"@type":"SearchAction","target":{"@type":"EntryPoint","urlTemplate":"https:\/\/www.hoche-avocats.com\/en\/?s={search_term_string}"},"query-input":{"@type":"PropertyValueSpecification","valueRequired":true,"valueName":"search_term_string"}}],"inLanguage":"en-US"},{"@type":"Organization","@id":"https:\/\/www.hoche-avocats.com\/en\/#organization","name":"Hoche Avocats","url":"https:\/\/www.hoche-avocats.com\/en\/","logo":{"@type":"ImageObject","inLanguage":"en-US","@id":"https:\/\/www.hoche-avocats.com\/en\/#\/schema\/logo\/image\/","url":"https:\/\/www.hoche-avocats.com\/wp-content\/uploads\/2019\/03\/hocheavocats-logo.svg","contentUrl":"https:\/\/www.hoche-avocats.com\/wp-content\/uploads\/2019\/03\/hocheavocats-logo.svg","caption":"Hoche Avocats"},"image":{"@id":"https:\/\/www.hoche-avocats.com\/en\/#\/schema\/logo\/image\/"}},{"@type":"Person","@id":"https:\/\/www.hoche-avocats.com\/en\/#\/schema\/person\/2e10ad69336398e973e3010c3a2f8e57","name":"hchvctsadmn","url":"https:\/\/www.hoche-avocats.com\/en\/author\/hchvctsadmn\/"}]}},"_links":{"self":[{"href":"https:\/\/www.hoche-avocats.com\/en\/wp-json\/wp\/v2\/posts\/3767","targetHints":{"allow":["GET"]}}],"collection":[{"href":"https:\/\/www.hoche-avocats.com\/en\/wp-json\/wp\/v2\/posts"}],"about":[{"href":"https:\/\/www.hoche-avocats.com\/en\/wp-json\/wp\/v2\/types\/post"}],"author":[{"embeddable":true,"href":"https:\/\/www.hoche-avocats.com\/en\/wp-json\/wp\/v2\/users\/1"}],"replies":[{"embeddable":true,"href":"https:\/\/www.hoche-avocats.com\/en\/wp-json\/wp\/v2\/comments?post=3767"}],"version-history":[{"count":1,"href":"https:\/\/www.hoche-avocats.com\/en\/wp-json\/wp\/v2\/posts\/3767\/revisions"}],"predecessor-version":[{"id":4315,"href":"https:\/\/www.hoche-avocats.com\/en\/wp-json\/wp\/v2\/posts\/3767\/revisions\/4315"}],"wp:attachment":[{"href":"https:\/\/www.hoche-avocats.com\/en\/wp-json\/wp\/v2\/media?parent=3767"}],"wp:term":[{"taxonomy":"category","embeddable":true,"href":"https:\/\/www.hoche-avocats.com\/en\/wp-json\/wp\/v2\/categories?post=3767"},{"taxonomy":"post_tag","embeddable":true,"href":"https:\/\/www.hoche-avocats.com\/en\/wp-json\/wp\/v2\/tags?post=3767"}],"curies":[{"name":"wp","href":"https:\/\/api.w.org\/{rel}","templated":true}]}}