{"id":3855,"date":"2017-12-05T23:00:00","date_gmt":"2017-12-05T22:00:00","guid":{"rendered":"https:\/\/www.hoche-avocats.com\/?p=3855"},"modified":"2020-03-24T10:41:58","modified_gmt":"2020-03-24T09:41:58","slug":"hoche-societe-davocats-will-participate-in-the-dermatology-congress-in-paris-france-13-december-2017","status":"publish","type":"post","link":"https:\/\/www.hoche-avocats.com\/en\/hoche-societe-davocats-will-participate-in-the-dermatology-congress-in-paris-france-13-december-2017\/","title":{"rendered":"Hoche Soci\u00e9t\u00e9 d&#8217;Avocats will participate in the Dermatology congress in Paris &#8211; France 13 December, 2017"},"content":{"rendered":"<div>12-16 D\u00c9CEMBRE 2017 Organized by : Les Journ\u00e9es Dermatologiques de Paris 2017\n<\/div>\n<div>The largest francophone dermatology congress with more than 150 sessions, 550 abstracts accepted and 350 speakers contributing to the study, exchange and training on the latest clinical trials and discoveries.<br \/>\n\t\n<\/div>\n<div>\n\t\n<\/div>\n<div>With the participation of&nbsp;<span style=\"font-weight: bolder;\">Hoche Soci\u00e9t\u00e9 d&#8217;Avocats (<\/span><a href=\"https:\/\/www.hoche-avocats.com\/en\/counsels?id_avocat=87\" title=\"\"><span style=\"font-weight: bolder;\">Maud Lamber<\/span>,<\/a>&nbsp;Counsel).\n<\/div>\n<p>Les Journ\u00e9es Dermatologiques de Paris 2017 &#8211;&nbsp;<a href=\"https:\/\/www.jdp2017.com\/\" title=\"\">E-Health Forum and&nbsp; and dermatology congress&nbsp; &nbsp;&#8211; Paris 12-16 December 2017&nbsp;<\/a><br \/>\n\t<br \/><a href=\"https:\/\/www.jdp2017.com\/\" title=\"\">Program 2017<\/a>\n<\/p>\n<p>\n\t\n<\/p>\n<p> <img loading=\"lazy\" decoding=\"async\" src=\"https:\/\/www.hoche-avocats.com\/images\/E-Sante-2017-12_Dermatologie.JPG\" width=\"590\" height=\"385\" alt=\"\" \/><br \/>\n\t<\/p>\n","protected":false},"excerpt":{"rendered":"<p>12-16 D\u00c9CEMBRE 2017 Organized by : Les Journ\u00e9es Dermatologiques de Paris 2017 The largest francophone dermatology congress with more than 150 sessions, 550 abstracts accepted and 350 speakers contributing to the study, exchange and training on the latest clinical trials and discoveries. With the participation of&nbsp;Hoche Soci\u00e9t\u00e9 d&#8217;Avocats (Maud Lamber,&nbsp;Counsel). Les Journ\u00e9es Dermatologiques de Paris [&hellip;]<\/p>\n","protected":false},"author":1,"featured_media":0,"comment_status":"closed","ping_status":"closed","sticky":false,"template":"","format":"standard","meta":{"_acf_changed":false,"footnotes":""},"categories":[27,23],"tags":[],"class_list":["post-3855","post","type-post","status-publish","format-standard","hentry","category-events","category-evenements"],"acf":[],"yoast_head":"<!-- This site is optimized with the Yoast SEO plugin v26.4 - https:\/\/yoast.com\/wordpress\/plugins\/seo\/ -->\n<title>Hoche Soci\u00e9t\u00e9 d&#039;Avocats will participate in the Dermatology congress in Paris - France 13 December, 2017 - Hoche Avocats<\/title>\n<meta name=\"robots\" content=\"index, follow, max-snippet:-1, max-image-preview:large, max-video-preview:-1\" \/>\n<link rel=\"canonical\" href=\"https:\/\/www.hoche-avocats.com\/en\/hoche-societe-davocats-will-participate-in-the-dermatology-congress-in-paris-france-13-december-2017\/\" \/>\n<meta property=\"og:locale\" content=\"en_US\" \/>\n<meta property=\"og:type\" content=\"article\" \/>\n<meta property=\"og:title\" content=\"Hoche Soci\u00e9t\u00e9 d&#039;Avocats will participate in the Dermatology congress in Paris - France 13 December, 2017 - Hoche Avocats\" \/>\n<meta property=\"og:description\" content=\"12-16 D\u00c9CEMBRE 2017 Organized by : Les Journ\u00e9es Dermatologiques de Paris 2017 The largest francophone dermatology congress with more than 150 sessions, 550 abstracts accepted and 350 speakers contributing to the study, exchange and training on the latest clinical trials and discoveries. With the participation of&nbsp;Hoche Soci\u00e9t\u00e9 d&#8217;Avocats (Maud Lamber,&nbsp;Counsel). Les Journ\u00e9es Dermatologiques de Paris [&hellip;]\" \/>\n<meta property=\"og:url\" content=\"https:\/\/www.hoche-avocats.com\/en\/hoche-societe-davocats-will-participate-in-the-dermatology-congress-in-paris-france-13-december-2017\/\" \/>\n<meta property=\"og:site_name\" content=\"Hoche Avocats\" \/>\n<meta property=\"article:published_time\" content=\"2017-12-05T22:00:00+00:00\" \/>\n<meta property=\"article:modified_time\" content=\"2020-03-24T09:41:58+00:00\" \/>\n<meta property=\"og:image\" content=\"https:\/\/www.hoche-avocats.com\/images\/E-Sante-2017-12_Dermatologie.JPG\" \/>\n<meta name=\"author\" content=\"hchvctsadmn\" \/>\n<meta name=\"twitter:card\" content=\"summary_large_image\" \/>\n<meta name=\"twitter:label1\" content=\"Written by\" \/>\n\t<meta name=\"twitter:data1\" content=\"hchvctsadmn\" \/>\n<script type=\"application\/ld+json\" class=\"yoast-schema-graph\">{\"@context\":\"https:\/\/schema.org\",\"@graph\":[{\"@type\":\"Article\",\"@id\":\"https:\/\/www.hoche-avocats.com\/en\/hoche-societe-davocats-will-participate-in-the-dermatology-congress-in-paris-france-13-december-2017\/#article\",\"isPartOf\":{\"@id\":\"https:\/\/www.hoche-avocats.com\/en\/hoche-societe-davocats-will-participate-in-the-dermatology-congress-in-paris-france-13-december-2017\/\"},\"author\":{\"name\":\"hchvctsadmn\",\"@id\":\"https:\/\/www.hoche-avocats.com\/en\/#\/schema\/person\/2e10ad69336398e973e3010c3a2f8e57\"},\"headline\":\"Hoche Soci\u00e9t\u00e9 d&#8217;Avocats will participate in the Dermatology congress in Paris &#8211; France 13 December, 2017\",\"datePublished\":\"2017-12-05T22:00:00+00:00\",\"dateModified\":\"2020-03-24T09:41:58+00:00\",\"mainEntityOfPage\":{\"@id\":\"https:\/\/www.hoche-avocats.com\/en\/hoche-societe-davocats-will-participate-in-the-dermatology-congress-in-paris-france-13-december-2017\/\"},\"wordCount\":89,\"publisher\":{\"@id\":\"https:\/\/www.hoche-avocats.com\/en\/#organization\"},\"image\":{\"@id\":\"https:\/\/www.hoche-avocats.com\/en\/hoche-societe-davocats-will-participate-in-the-dermatology-congress-in-paris-france-13-december-2017\/#primaryimage\"},\"thumbnailUrl\":\"https:\/\/www.hoche-avocats.com\/images\/E-Sante-2017-12_Dermatologie.JPG\",\"articleSection\":[\"Events\",\"\u00c9v\u00e8nements\"],\"inLanguage\":\"en-US\"},{\"@type\":\"WebPage\",\"@id\":\"https:\/\/www.hoche-avocats.com\/en\/hoche-societe-davocats-will-participate-in-the-dermatology-congress-in-paris-france-13-december-2017\/\",\"url\":\"https:\/\/www.hoche-avocats.com\/en\/hoche-societe-davocats-will-participate-in-the-dermatology-congress-in-paris-france-13-december-2017\/\",\"name\":\"Hoche Soci\u00e9t\u00e9 d'Avocats will participate in the Dermatology congress in Paris - France 13 December, 2017 - Hoche Avocats\",\"isPartOf\":{\"@id\":\"https:\/\/www.hoche-avocats.com\/en\/#website\"},\"primaryImageOfPage\":{\"@id\":\"https:\/\/www.hoche-avocats.com\/en\/hoche-societe-davocats-will-participate-in-the-dermatology-congress-in-paris-france-13-december-2017\/#primaryimage\"},\"image\":{\"@id\":\"https:\/\/www.hoche-avocats.com\/en\/hoche-societe-davocats-will-participate-in-the-dermatology-congress-in-paris-france-13-december-2017\/#primaryimage\"},\"thumbnailUrl\":\"https:\/\/www.hoche-avocats.com\/images\/E-Sante-2017-12_Dermatologie.JPG\",\"datePublished\":\"2017-12-05T22:00:00+00:00\",\"dateModified\":\"2020-03-24T09:41:58+00:00\",\"breadcrumb\":{\"@id\":\"https:\/\/www.hoche-avocats.com\/en\/hoche-societe-davocats-will-participate-in-the-dermatology-congress-in-paris-france-13-december-2017\/#breadcrumb\"},\"inLanguage\":\"en-US\",\"potentialAction\":[{\"@type\":\"ReadAction\",\"target\":[\"https:\/\/www.hoche-avocats.com\/en\/hoche-societe-davocats-will-participate-in-the-dermatology-congress-in-paris-france-13-december-2017\/\"]}]},{\"@type\":\"ImageObject\",\"inLanguage\":\"en-US\",\"@id\":\"https:\/\/www.hoche-avocats.com\/en\/hoche-societe-davocats-will-participate-in-the-dermatology-congress-in-paris-france-13-december-2017\/#primaryimage\",\"url\":\"https:\/\/www.hoche-avocats.com\/images\/E-Sante-2017-12_Dermatologie.JPG\",\"contentUrl\":\"https:\/\/www.hoche-avocats.com\/images\/E-Sante-2017-12_Dermatologie.JPG\"},{\"@type\":\"BreadcrumbList\",\"@id\":\"https:\/\/www.hoche-avocats.com\/en\/hoche-societe-davocats-will-participate-in-the-dermatology-congress-in-paris-france-13-december-2017\/#breadcrumb\",\"itemListElement\":[{\"@type\":\"ListItem\",\"position\":1,\"name\":\"Accueil\",\"item\":\"https:\/\/www.hoche-avocats.com\/en\/\"},{\"@type\":\"ListItem\",\"position\":2,\"name\":\"Hoche Soci\u00e9t\u00e9 d&#8217;Avocats will participate in the Dermatology congress in Paris &#8211; France 13 December, 2017\"}]},{\"@type\":\"WebSite\",\"@id\":\"https:\/\/www.hoche-avocats.com\/en\/#website\",\"url\":\"https:\/\/www.hoche-avocats.com\/en\/\",\"name\":\"Hoche Avocats\",\"description\":\"\",\"publisher\":{\"@id\":\"https:\/\/www.hoche-avocats.com\/en\/#organization\"},\"potentialAction\":[{\"@type\":\"SearchAction\",\"target\":{\"@type\":\"EntryPoint\",\"urlTemplate\":\"https:\/\/www.hoche-avocats.com\/en\/?s={search_term_string}\"},\"query-input\":{\"@type\":\"PropertyValueSpecification\",\"valueRequired\":true,\"valueName\":\"search_term_string\"}}],\"inLanguage\":\"en-US\"},{\"@type\":\"Organization\",\"@id\":\"https:\/\/www.hoche-avocats.com\/en\/#organization\",\"name\":\"Hoche Avocats\",\"url\":\"https:\/\/www.hoche-avocats.com\/en\/\",\"logo\":{\"@type\":\"ImageObject\",\"inLanguage\":\"en-US\",\"@id\":\"https:\/\/www.hoche-avocats.com\/en\/#\/schema\/logo\/image\/\",\"url\":\"https:\/\/www.hoche-avocats.com\/wp-content\/uploads\/2019\/03\/hocheavocats-logo.svg\",\"contentUrl\":\"https:\/\/www.hoche-avocats.com\/wp-content\/uploads\/2019\/03\/hocheavocats-logo.svg\",\"caption\":\"Hoche Avocats\"},\"image\":{\"@id\":\"https:\/\/www.hoche-avocats.com\/en\/#\/schema\/logo\/image\/\"}},{\"@type\":\"Person\",\"@id\":\"https:\/\/www.hoche-avocats.com\/en\/#\/schema\/person\/2e10ad69336398e973e3010c3a2f8e57\",\"name\":\"hchvctsadmn\",\"url\":\"https:\/\/www.hoche-avocats.com\/en\/author\/hchvctsadmn\/\"}]}<\/script>\n<!-- \/ Yoast SEO plugin. -->","yoast_head_json":{"title":"Hoche Soci\u00e9t\u00e9 d'Avocats will participate in the Dermatology congress in Paris - France 13 December, 2017 - Hoche Avocats","robots":{"index":"index","follow":"follow","max-snippet":"max-snippet:-1","max-image-preview":"max-image-preview:large","max-video-preview":"max-video-preview:-1"},"canonical":"https:\/\/www.hoche-avocats.com\/en\/hoche-societe-davocats-will-participate-in-the-dermatology-congress-in-paris-france-13-december-2017\/","og_locale":"en_US","og_type":"article","og_title":"Hoche Soci\u00e9t\u00e9 d'Avocats will participate in the Dermatology congress in Paris - France 13 December, 2017 - Hoche Avocats","og_description":"12-16 D\u00c9CEMBRE 2017 Organized by : Les Journ\u00e9es Dermatologiques de Paris 2017 The largest francophone dermatology congress with more than 150 sessions, 550 abstracts accepted and 350 speakers contributing to the study, exchange and training on the latest clinical trials and discoveries. With the participation of&nbsp;Hoche Soci\u00e9t\u00e9 d&#8217;Avocats (Maud Lamber,&nbsp;Counsel). Les Journ\u00e9es Dermatologiques de Paris [&hellip;]","og_url":"https:\/\/www.hoche-avocats.com\/en\/hoche-societe-davocats-will-participate-in-the-dermatology-congress-in-paris-france-13-december-2017\/","og_site_name":"Hoche Avocats","article_published_time":"2017-12-05T22:00:00+00:00","article_modified_time":"2020-03-24T09:41:58+00:00","og_image":[{"url":"https:\/\/www.hoche-avocats.com\/images\/E-Sante-2017-12_Dermatologie.JPG","type":"","width":"","height":""}],"author":"hchvctsadmn","twitter_card":"summary_large_image","twitter_misc":{"Written by":"hchvctsadmn"},"schema":{"@context":"https:\/\/schema.org","@graph":[{"@type":"Article","@id":"https:\/\/www.hoche-avocats.com\/en\/hoche-societe-davocats-will-participate-in-the-dermatology-congress-in-paris-france-13-december-2017\/#article","isPartOf":{"@id":"https:\/\/www.hoche-avocats.com\/en\/hoche-societe-davocats-will-participate-in-the-dermatology-congress-in-paris-france-13-december-2017\/"},"author":{"name":"hchvctsadmn","@id":"https:\/\/www.hoche-avocats.com\/en\/#\/schema\/person\/2e10ad69336398e973e3010c3a2f8e57"},"headline":"Hoche Soci\u00e9t\u00e9 d&#8217;Avocats will participate in the Dermatology congress in Paris &#8211; France 13 December, 2017","datePublished":"2017-12-05T22:00:00+00:00","dateModified":"2020-03-24T09:41:58+00:00","mainEntityOfPage":{"@id":"https:\/\/www.hoche-avocats.com\/en\/hoche-societe-davocats-will-participate-in-the-dermatology-congress-in-paris-france-13-december-2017\/"},"wordCount":89,"publisher":{"@id":"https:\/\/www.hoche-avocats.com\/en\/#organization"},"image":{"@id":"https:\/\/www.hoche-avocats.com\/en\/hoche-societe-davocats-will-participate-in-the-dermatology-congress-in-paris-france-13-december-2017\/#primaryimage"},"thumbnailUrl":"https:\/\/www.hoche-avocats.com\/images\/E-Sante-2017-12_Dermatologie.JPG","articleSection":["Events","\u00c9v\u00e8nements"],"inLanguage":"en-US"},{"@type":"WebPage","@id":"https:\/\/www.hoche-avocats.com\/en\/hoche-societe-davocats-will-participate-in-the-dermatology-congress-in-paris-france-13-december-2017\/","url":"https:\/\/www.hoche-avocats.com\/en\/hoche-societe-davocats-will-participate-in-the-dermatology-congress-in-paris-france-13-december-2017\/","name":"Hoche Soci\u00e9t\u00e9 d'Avocats will participate in the Dermatology congress in Paris - France 13 December, 2017 - Hoche Avocats","isPartOf":{"@id":"https:\/\/www.hoche-avocats.com\/en\/#website"},"primaryImageOfPage":{"@id":"https:\/\/www.hoche-avocats.com\/en\/hoche-societe-davocats-will-participate-in-the-dermatology-congress-in-paris-france-13-december-2017\/#primaryimage"},"image":{"@id":"https:\/\/www.hoche-avocats.com\/en\/hoche-societe-davocats-will-participate-in-the-dermatology-congress-in-paris-france-13-december-2017\/#primaryimage"},"thumbnailUrl":"https:\/\/www.hoche-avocats.com\/images\/E-Sante-2017-12_Dermatologie.JPG","datePublished":"2017-12-05T22:00:00+00:00","dateModified":"2020-03-24T09:41:58+00:00","breadcrumb":{"@id":"https:\/\/www.hoche-avocats.com\/en\/hoche-societe-davocats-will-participate-in-the-dermatology-congress-in-paris-france-13-december-2017\/#breadcrumb"},"inLanguage":"en-US","potentialAction":[{"@type":"ReadAction","target":["https:\/\/www.hoche-avocats.com\/en\/hoche-societe-davocats-will-participate-in-the-dermatology-congress-in-paris-france-13-december-2017\/"]}]},{"@type":"ImageObject","inLanguage":"en-US","@id":"https:\/\/www.hoche-avocats.com\/en\/hoche-societe-davocats-will-participate-in-the-dermatology-congress-in-paris-france-13-december-2017\/#primaryimage","url":"https:\/\/www.hoche-avocats.com\/images\/E-Sante-2017-12_Dermatologie.JPG","contentUrl":"https:\/\/www.hoche-avocats.com\/images\/E-Sante-2017-12_Dermatologie.JPG"},{"@type":"BreadcrumbList","@id":"https:\/\/www.hoche-avocats.com\/en\/hoche-societe-davocats-will-participate-in-the-dermatology-congress-in-paris-france-13-december-2017\/#breadcrumb","itemListElement":[{"@type":"ListItem","position":1,"name":"Accueil","item":"https:\/\/www.hoche-avocats.com\/en\/"},{"@type":"ListItem","position":2,"name":"Hoche Soci\u00e9t\u00e9 d&#8217;Avocats will participate in the Dermatology congress in Paris &#8211; France 13 December, 2017"}]},{"@type":"WebSite","@id":"https:\/\/www.hoche-avocats.com\/en\/#website","url":"https:\/\/www.hoche-avocats.com\/en\/","name":"Hoche Avocats","description":"","publisher":{"@id":"https:\/\/www.hoche-avocats.com\/en\/#organization"},"potentialAction":[{"@type":"SearchAction","target":{"@type":"EntryPoint","urlTemplate":"https:\/\/www.hoche-avocats.com\/en\/?s={search_term_string}"},"query-input":{"@type":"PropertyValueSpecification","valueRequired":true,"valueName":"search_term_string"}}],"inLanguage":"en-US"},{"@type":"Organization","@id":"https:\/\/www.hoche-avocats.com\/en\/#organization","name":"Hoche Avocats","url":"https:\/\/www.hoche-avocats.com\/en\/","logo":{"@type":"ImageObject","inLanguage":"en-US","@id":"https:\/\/www.hoche-avocats.com\/en\/#\/schema\/logo\/image\/","url":"https:\/\/www.hoche-avocats.com\/wp-content\/uploads\/2019\/03\/hocheavocats-logo.svg","contentUrl":"https:\/\/www.hoche-avocats.com\/wp-content\/uploads\/2019\/03\/hocheavocats-logo.svg","caption":"Hoche Avocats"},"image":{"@id":"https:\/\/www.hoche-avocats.com\/en\/#\/schema\/logo\/image\/"}},{"@type":"Person","@id":"https:\/\/www.hoche-avocats.com\/en\/#\/schema\/person\/2e10ad69336398e973e3010c3a2f8e57","name":"hchvctsadmn","url":"https:\/\/www.hoche-avocats.com\/en\/author\/hchvctsadmn\/"}]}},"_links":{"self":[{"href":"https:\/\/www.hoche-avocats.com\/en\/wp-json\/wp\/v2\/posts\/3855","targetHints":{"allow":["GET"]}}],"collection":[{"href":"https:\/\/www.hoche-avocats.com\/en\/wp-json\/wp\/v2\/posts"}],"about":[{"href":"https:\/\/www.hoche-avocats.com\/en\/wp-json\/wp\/v2\/types\/post"}],"author":[{"embeddable":true,"href":"https:\/\/www.hoche-avocats.com\/en\/wp-json\/wp\/v2\/users\/1"}],"replies":[{"embeddable":true,"href":"https:\/\/www.hoche-avocats.com\/en\/wp-json\/wp\/v2\/comments?post=3855"}],"version-history":[{"count":1,"href":"https:\/\/www.hoche-avocats.com\/en\/wp-json\/wp\/v2\/posts\/3855\/revisions"}],"predecessor-version":[{"id":4164,"href":"https:\/\/www.hoche-avocats.com\/en\/wp-json\/wp\/v2\/posts\/3855\/revisions\/4164"}],"wp:attachment":[{"href":"https:\/\/www.hoche-avocats.com\/en\/wp-json\/wp\/v2\/media?parent=3855"}],"wp:term":[{"taxonomy":"category","embeddable":true,"href":"https:\/\/www.hoche-avocats.com\/en\/wp-json\/wp\/v2\/categories?post=3855"},{"taxonomy":"post_tag","embeddable":true,"href":"https:\/\/www.hoche-avocats.com\/en\/wp-json\/wp\/v2\/tags?post=3855"}],"curies":[{"name":"wp","href":"https:\/\/api.w.org\/{rel}","templated":true}]}}