{"id":8445,"date":"2021-11-30T17:56:11","date_gmt":"2021-11-30T16:56:11","guid":{"rendered":"https:\/\/www.hoche-avocats.com\/?p=8445"},"modified":"2022-06-09T18:36:17","modified_gmt":"2022-06-09T16:36:17","slug":"hoche-avocats-hosted-a-networking-breakfast-meeting-on-employment-law-30-november-2021","status":"publish","type":"post","link":"https:\/\/www.hoche-avocats.com\/en\/hoche-avocats-hosted-a-networking-breakfast-meeting-on-employment-law-30-november-2021\/","title":{"rendered":"Hoche Avocats hosted a networking breakfast meeting on employment law &#8211; 30 November 2021"},"content":{"rendered":"<p>On Tuesday 30th November, Hoche Avocats held a breakfast meeting for its clients on the latest news in &#8220;Employment Law&#8221;.<\/p>\n<p>Fr\u00e9d\u00e9rique Cassereau and Sophie Dechaumet (partners) took the attendants through the latest news relating to the management of the health crisis for companies and managers, the latest case law and the social provisions of the Finance Bill and the Social Security Financing Bill for 2022.<\/p>\n<p>These meetings were led by Fr\u00e9d\u00e9rique Cassereau and Sophie Dechaumet (partners), Laura Bocaert, Laura Erbertseder, Christophe Marie, Vincent Marty, C\u00e9cile Pays (counsel), Marie-Sophie Schlupp and Marine Swaton.<\/p>\n<p>We would like to thank our clients and all the guests who were in attendance.<\/p>\n<p>&nbsp;<\/p>\n<p>&nbsp;<\/p>\n","protected":false},"excerpt":{"rendered":"<p>On Tuesday 30th November, Hoche Avocats held a breakfast meeting for its clients on the latest news in &#8220;Employment Law&#8221;. Fr\u00e9d\u00e9rique Cassereau and Sophie Dechaumet (partners) took the attendants through the latest news relating to the management of the health crisis for companies and managers, the latest case law and the social provisions of the [&hellip;]<\/p>\n","protected":false},"author":2,"featured_media":0,"comment_status":"closed","ping_status":"closed","sticky":false,"template":"","format":"standard","meta":{"_acf_changed":false,"footnotes":""},"categories":[27],"tags":[],"class_list":["post-8445","post","type-post","status-publish","format-standard","hentry","category-events"],"acf":[],"yoast_head":"<!-- This site is optimized with the Yoast SEO plugin v26.4 - https:\/\/yoast.com\/wordpress\/plugins\/seo\/ -->\n<title>Hoche Avocats hosted a networking breakfast meeting on employment law - 30 November 2021 - Hoche Avocats<\/title>\n<meta name=\"robots\" content=\"index, follow, max-snippet:-1, max-image-preview:large, max-video-preview:-1\" \/>\n<link rel=\"canonical\" href=\"https:\/\/www.hoche-avocats.com\/en\/hoche-avocats-hosted-a-networking-breakfast-meeting-on-employment-law-30-november-2021\/\" \/>\n<meta property=\"og:locale\" content=\"en_US\" \/>\n<meta property=\"og:type\" content=\"article\" \/>\n<meta property=\"og:title\" content=\"Hoche Avocats hosted a networking breakfast meeting on employment law - 30 November 2021 - Hoche Avocats\" \/>\n<meta property=\"og:description\" content=\"On Tuesday 30th November, Hoche Avocats held a breakfast meeting for its clients on the latest news in &#8220;Employment Law&#8221;. Fr\u00e9d\u00e9rique Cassereau and Sophie Dechaumet (partners) took the attendants through the latest news relating to the management of the health crisis for companies and managers, the latest case law and the social provisions of the [&hellip;]\" \/>\n<meta property=\"og:url\" content=\"https:\/\/www.hoche-avocats.com\/en\/hoche-avocats-hosted-a-networking-breakfast-meeting-on-employment-law-30-november-2021\/\" \/>\n<meta property=\"og:site_name\" content=\"Hoche Avocats\" \/>\n<meta property=\"article:published_time\" content=\"2021-11-30T16:56:11+00:00\" \/>\n<meta property=\"article:modified_time\" content=\"2022-06-09T16:36:17+00:00\" \/>\n<meta name=\"author\" content=\"hchvctscts\" \/>\n<meta name=\"twitter:card\" content=\"summary_large_image\" \/>\n<meta name=\"twitter:label1\" content=\"Written by\" \/>\n\t<meta name=\"twitter:data1\" content=\"hchvctscts\" \/>\n\t<meta name=\"twitter:label2\" content=\"Est. reading time\" \/>\n\t<meta name=\"twitter:data2\" content=\"1 minute\" \/>\n<script type=\"application\/ld+json\" class=\"yoast-schema-graph\">{\"@context\":\"https:\/\/schema.org\",\"@graph\":[{\"@type\":\"Article\",\"@id\":\"https:\/\/www.hoche-avocats.com\/en\/hoche-avocats-hosted-a-networking-breakfast-meeting-on-employment-law-30-november-2021\/#article\",\"isPartOf\":{\"@id\":\"https:\/\/www.hoche-avocats.com\/en\/hoche-avocats-hosted-a-networking-breakfast-meeting-on-employment-law-30-november-2021\/\"},\"author\":{\"name\":\"hchvctscts\",\"@id\":\"https:\/\/www.hoche-avocats.com\/en\/#\/schema\/person\/c6ce0fd4c743a287dfbd68eece0dba77\"},\"headline\":\"Hoche Avocats hosted a networking breakfast meeting on employment law &#8211; 30 November 2021\",\"datePublished\":\"2021-11-30T16:56:11+00:00\",\"dateModified\":\"2022-06-09T16:36:17+00:00\",\"mainEntityOfPage\":{\"@id\":\"https:\/\/www.hoche-avocats.com\/en\/hoche-avocats-hosted-a-networking-breakfast-meeting-on-employment-law-30-november-2021\/\"},\"wordCount\":125,\"publisher\":{\"@id\":\"https:\/\/www.hoche-avocats.com\/en\/#organization\"},\"articleSection\":[\"Events\"],\"inLanguage\":\"en-US\"},{\"@type\":\"WebPage\",\"@id\":\"https:\/\/www.hoche-avocats.com\/en\/hoche-avocats-hosted-a-networking-breakfast-meeting-on-employment-law-30-november-2021\/\",\"url\":\"https:\/\/www.hoche-avocats.com\/en\/hoche-avocats-hosted-a-networking-breakfast-meeting-on-employment-law-30-november-2021\/\",\"name\":\"Hoche Avocats hosted a networking breakfast meeting on employment law - 30 November 2021 - Hoche Avocats\",\"isPartOf\":{\"@id\":\"https:\/\/www.hoche-avocats.com\/en\/#website\"},\"datePublished\":\"2021-11-30T16:56:11+00:00\",\"dateModified\":\"2022-06-09T16:36:17+00:00\",\"breadcrumb\":{\"@id\":\"https:\/\/www.hoche-avocats.com\/en\/hoche-avocats-hosted-a-networking-breakfast-meeting-on-employment-law-30-november-2021\/#breadcrumb\"},\"inLanguage\":\"en-US\",\"potentialAction\":[{\"@type\":\"ReadAction\",\"target\":[\"https:\/\/www.hoche-avocats.com\/en\/hoche-avocats-hosted-a-networking-breakfast-meeting-on-employment-law-30-november-2021\/\"]}]},{\"@type\":\"BreadcrumbList\",\"@id\":\"https:\/\/www.hoche-avocats.com\/en\/hoche-avocats-hosted-a-networking-breakfast-meeting-on-employment-law-30-november-2021\/#breadcrumb\",\"itemListElement\":[{\"@type\":\"ListItem\",\"position\":1,\"name\":\"Accueil\",\"item\":\"https:\/\/www.hoche-avocats.com\/en\/\"},{\"@type\":\"ListItem\",\"position\":2,\"name\":\"Hoche Avocats hosted a networking breakfast meeting on employment law &#8211; 30 November 2021\"}]},{\"@type\":\"WebSite\",\"@id\":\"https:\/\/www.hoche-avocats.com\/en\/#website\",\"url\":\"https:\/\/www.hoche-avocats.com\/en\/\",\"name\":\"Hoche Avocats\",\"description\":\"\",\"publisher\":{\"@id\":\"https:\/\/www.hoche-avocats.com\/en\/#organization\"},\"potentialAction\":[{\"@type\":\"SearchAction\",\"target\":{\"@type\":\"EntryPoint\",\"urlTemplate\":\"https:\/\/www.hoche-avocats.com\/en\/?s={search_term_string}\"},\"query-input\":{\"@type\":\"PropertyValueSpecification\",\"valueRequired\":true,\"valueName\":\"search_term_string\"}}],\"inLanguage\":\"en-US\"},{\"@type\":\"Organization\",\"@id\":\"https:\/\/www.hoche-avocats.com\/en\/#organization\",\"name\":\"Hoche Avocats\",\"url\":\"https:\/\/www.hoche-avocats.com\/en\/\",\"logo\":{\"@type\":\"ImageObject\",\"inLanguage\":\"en-US\",\"@id\":\"https:\/\/www.hoche-avocats.com\/en\/#\/schema\/logo\/image\/\",\"url\":\"https:\/\/www.hoche-avocats.com\/wp-content\/uploads\/2019\/03\/hocheavocats-logo.svg\",\"contentUrl\":\"https:\/\/www.hoche-avocats.com\/wp-content\/uploads\/2019\/03\/hocheavocats-logo.svg\",\"caption\":\"Hoche Avocats\"},\"image\":{\"@id\":\"https:\/\/www.hoche-avocats.com\/en\/#\/schema\/logo\/image\/\"}},{\"@type\":\"Person\",\"@id\":\"https:\/\/www.hoche-avocats.com\/en\/#\/schema\/person\/c6ce0fd4c743a287dfbd68eece0dba77\",\"name\":\"hchvctscts\",\"url\":\"https:\/\/www.hoche-avocats.com\/en\/author\/hchvctscts\/\"}]}<\/script>\n<!-- \/ Yoast SEO plugin. -->","yoast_head_json":{"title":"Hoche Avocats hosted a networking breakfast meeting on employment law - 30 November 2021 - Hoche Avocats","robots":{"index":"index","follow":"follow","max-snippet":"max-snippet:-1","max-image-preview":"max-image-preview:large","max-video-preview":"max-video-preview:-1"},"canonical":"https:\/\/www.hoche-avocats.com\/en\/hoche-avocats-hosted-a-networking-breakfast-meeting-on-employment-law-30-november-2021\/","og_locale":"en_US","og_type":"article","og_title":"Hoche Avocats hosted a networking breakfast meeting on employment law - 30 November 2021 - Hoche Avocats","og_description":"On Tuesday 30th November, Hoche Avocats held a breakfast meeting for its clients on the latest news in &#8220;Employment Law&#8221;. Fr\u00e9d\u00e9rique Cassereau and Sophie Dechaumet (partners) took the attendants through the latest news relating to the management of the health crisis for companies and managers, the latest case law and the social provisions of the [&hellip;]","og_url":"https:\/\/www.hoche-avocats.com\/en\/hoche-avocats-hosted-a-networking-breakfast-meeting-on-employment-law-30-november-2021\/","og_site_name":"Hoche Avocats","article_published_time":"2021-11-30T16:56:11+00:00","article_modified_time":"2022-06-09T16:36:17+00:00","author":"hchvctscts","twitter_card":"summary_large_image","twitter_misc":{"Written by":"hchvctscts","Est. reading time":"1 minute"},"schema":{"@context":"https:\/\/schema.org","@graph":[{"@type":"Article","@id":"https:\/\/www.hoche-avocats.com\/en\/hoche-avocats-hosted-a-networking-breakfast-meeting-on-employment-law-30-november-2021\/#article","isPartOf":{"@id":"https:\/\/www.hoche-avocats.com\/en\/hoche-avocats-hosted-a-networking-breakfast-meeting-on-employment-law-30-november-2021\/"},"author":{"name":"hchvctscts","@id":"https:\/\/www.hoche-avocats.com\/en\/#\/schema\/person\/c6ce0fd4c743a287dfbd68eece0dba77"},"headline":"Hoche Avocats hosted a networking breakfast meeting on employment law &#8211; 30 November 2021","datePublished":"2021-11-30T16:56:11+00:00","dateModified":"2022-06-09T16:36:17+00:00","mainEntityOfPage":{"@id":"https:\/\/www.hoche-avocats.com\/en\/hoche-avocats-hosted-a-networking-breakfast-meeting-on-employment-law-30-november-2021\/"},"wordCount":125,"publisher":{"@id":"https:\/\/www.hoche-avocats.com\/en\/#organization"},"articleSection":["Events"],"inLanguage":"en-US"},{"@type":"WebPage","@id":"https:\/\/www.hoche-avocats.com\/en\/hoche-avocats-hosted-a-networking-breakfast-meeting-on-employment-law-30-november-2021\/","url":"https:\/\/www.hoche-avocats.com\/en\/hoche-avocats-hosted-a-networking-breakfast-meeting-on-employment-law-30-november-2021\/","name":"Hoche Avocats hosted a networking breakfast meeting on employment law - 30 November 2021 - Hoche Avocats","isPartOf":{"@id":"https:\/\/www.hoche-avocats.com\/en\/#website"},"datePublished":"2021-11-30T16:56:11+00:00","dateModified":"2022-06-09T16:36:17+00:00","breadcrumb":{"@id":"https:\/\/www.hoche-avocats.com\/en\/hoche-avocats-hosted-a-networking-breakfast-meeting-on-employment-law-30-november-2021\/#breadcrumb"},"inLanguage":"en-US","potentialAction":[{"@type":"ReadAction","target":["https:\/\/www.hoche-avocats.com\/en\/hoche-avocats-hosted-a-networking-breakfast-meeting-on-employment-law-30-november-2021\/"]}]},{"@type":"BreadcrumbList","@id":"https:\/\/www.hoche-avocats.com\/en\/hoche-avocats-hosted-a-networking-breakfast-meeting-on-employment-law-30-november-2021\/#breadcrumb","itemListElement":[{"@type":"ListItem","position":1,"name":"Accueil","item":"https:\/\/www.hoche-avocats.com\/en\/"},{"@type":"ListItem","position":2,"name":"Hoche Avocats hosted a networking breakfast meeting on employment law &#8211; 30 November 2021"}]},{"@type":"WebSite","@id":"https:\/\/www.hoche-avocats.com\/en\/#website","url":"https:\/\/www.hoche-avocats.com\/en\/","name":"Hoche Avocats","description":"","publisher":{"@id":"https:\/\/www.hoche-avocats.com\/en\/#organization"},"potentialAction":[{"@type":"SearchAction","target":{"@type":"EntryPoint","urlTemplate":"https:\/\/www.hoche-avocats.com\/en\/?s={search_term_string}"},"query-input":{"@type":"PropertyValueSpecification","valueRequired":true,"valueName":"search_term_string"}}],"inLanguage":"en-US"},{"@type":"Organization","@id":"https:\/\/www.hoche-avocats.com\/en\/#organization","name":"Hoche Avocats","url":"https:\/\/www.hoche-avocats.com\/en\/","logo":{"@type":"ImageObject","inLanguage":"en-US","@id":"https:\/\/www.hoche-avocats.com\/en\/#\/schema\/logo\/image\/","url":"https:\/\/www.hoche-avocats.com\/wp-content\/uploads\/2019\/03\/hocheavocats-logo.svg","contentUrl":"https:\/\/www.hoche-avocats.com\/wp-content\/uploads\/2019\/03\/hocheavocats-logo.svg","caption":"Hoche Avocats"},"image":{"@id":"https:\/\/www.hoche-avocats.com\/en\/#\/schema\/logo\/image\/"}},{"@type":"Person","@id":"https:\/\/www.hoche-avocats.com\/en\/#\/schema\/person\/c6ce0fd4c743a287dfbd68eece0dba77","name":"hchvctscts","url":"https:\/\/www.hoche-avocats.com\/en\/author\/hchvctscts\/"}]}},"_links":{"self":[{"href":"https:\/\/www.hoche-avocats.com\/en\/wp-json\/wp\/v2\/posts\/8445","targetHints":{"allow":["GET"]}}],"collection":[{"href":"https:\/\/www.hoche-avocats.com\/en\/wp-json\/wp\/v2\/posts"}],"about":[{"href":"https:\/\/www.hoche-avocats.com\/en\/wp-json\/wp\/v2\/types\/post"}],"author":[{"embeddable":true,"href":"https:\/\/www.hoche-avocats.com\/en\/wp-json\/wp\/v2\/users\/2"}],"replies":[{"embeddable":true,"href":"https:\/\/www.hoche-avocats.com\/en\/wp-json\/wp\/v2\/comments?post=8445"}],"version-history":[{"count":3,"href":"https:\/\/www.hoche-avocats.com\/en\/wp-json\/wp\/v2\/posts\/8445\/revisions"}],"predecessor-version":[{"id":8448,"href":"https:\/\/www.hoche-avocats.com\/en\/wp-json\/wp\/v2\/posts\/8445\/revisions\/8448"}],"wp:attachment":[{"href":"https:\/\/www.hoche-avocats.com\/en\/wp-json\/wp\/v2\/media?parent=8445"}],"wp:term":[{"taxonomy":"category","embeddable":true,"href":"https:\/\/www.hoche-avocats.com\/en\/wp-json\/wp\/v2\/categories?post=8445"},{"taxonomy":"post_tag","embeddable":true,"href":"https:\/\/www.hoche-avocats.com\/en\/wp-json\/wp\/v2\/tags?post=8445"}],"curies":[{"name":"wp","href":"https:\/\/api.w.org\/{rel}","templated":true}]}}